{"id":4458,"date":"2026-09-02T16:02:23","date_gmt":"2026-09-02T14:02:23","guid":{"rendered":"https:\/\/espacedespossibles.eu\/?p=4458"},"modified":"2026-09-02T16:27:54","modified_gmt":"2026-09-02T14:27:54","slug":"decouvrez-la-programmation-des-activites-de-lautomne","status":"publish","type":"post","link":"https:\/\/espacedespossibles.eu\/index.php\/2026\/09\/02\/decouvrez-la-programmation-des-activites-de-lautomne\/","title":{"rendered":"D\u00e9couvrez la programmation des activit\u00e9s de l&rsquo;automne"},"content":{"rendered":"<p>[et_pb_section fb_built=\u00a0\u00bb1&Prime; _builder_version=\u00a0\u00bb4.27.6&Prime; _module_preset=\u00a0\u00bbdefault\u00a0\u00bb width_tablet=\u00a0\u00bb\u00a0\u00bb width_phone=\u00a0\u00bb100%\u00a0\u00bb width_last_edited=\u00a0\u00bbon|phone\u00a0\u00bb max_width=\u00a0\u00bb100%\u00a0\u00bb custom_margin=\u00a0\u00bb|0px||0px|false|false\u00a0\u00bb custom_padding=\u00a0\u00bb0px|0px||0px|false|false\u00a0\u00bb hover_enabled=\u00a0\u00bb0&Prime; global_colors_info=\u00a0\u00bb{}\u00a0\u00bb sticky_enabled=\u00a0\u00bb0&Prime;][et_pb_row _builder_version=\u00a0\u00bb4.27.7&Prime; _module_preset=\u00a0\u00bbdefault\u00a0\u00bb width_tablet=\u00a0\u00bb100%\u00a0\u00bb width_phone=\u00a0\u00bb100%\u00a0\u00bb width_last_edited=\u00a0\u00bbon|tablet\u00a0\u00bb min_height=\u00a0\u00bb744.3px\u00a0\u00bb custom_margin=\u00a0\u00bb|auto|-465px|auto||\u00a0\u00bb custom_padding=\u00a0\u00bb|0px|0px|0px|false|false\u00a0\u00bb hover_enabled=\u00a0\u00bb0&Prime; global_colors_info=\u00a0\u00bb{}\u00a0\u00bb background_color=\u00a0\u00bb#FFFFFF\u00a0\u00bb sticky_enabled=\u00a0\u00bb0&Prime;][et_pb_column type=\u00a0\u00bb4_4&Prime; _builder_version=\u00a0\u00bb4.27.6&Prime; _module_preset=\u00a0\u00bbdefault\u00a0\u00bb global_colors_info=\u00a0\u00bb{}\u00a0\u00bb][et_pb_text _builder_version=\u00a0\u00bb4.27.7&Prime; _module_preset=\u00a0\u00bbdefault\u00a0\u00bb custom_padding=\u00a0\u00bb0px||0px|||\u00a0\u00bb global_colors_info=\u00a0\u00bb{}\u00a0\u00bb]<\/p>\n<h3 class=\"et_pb_toggle_title\" style=\"text-align: center;\">\ud83c\udf1f \ud83c\udf83 L&rsquo;automne \ud83c\udf41<\/h3>\n<div class=\"et_pb_toggle_content clearfix\">\n<p style=\"text-align: center;\"><strong>une trentaine d\u2019ateliers artistiques et d\u2019expression<\/strong><br \/>pour petits et grands, des soir\u00e9es guinguette anim\u00e9es,<br \/>et bien s\u00fbr, les festivit\u00e9s d\u2019Halloween !<\/p>\n<h1 style=\"text-align: center;\">\ud83c\udf83<\/h1>\n<p style=\"text-align: center;\">Et si cet automne tu te surpassais ? Frissons d\u2019Halloween et vraie d\u00e9tente: \u00e0 la rencontre de l\u2019autre !<\/p>\n<h1 style=\"text-align: center;\">\ud83c\udf41<\/h1>\n<p style=\"text-align: center;\"><a href=\"https:\/\/espacedespossibles.eu\/index.php\/automne-2\/\"><span style=\"text-decoration: underline;\"><span style=\"color: #e02b20;\">Lire la suite. \u00a0 <\/span><\/span>\ud83c\udf83<\/a><\/p>\n<\/div>\n<p>[\/et_pb_text][et_pb_button button_url=\u00a0\u00bbhttps:\/\/ateliers.espacedespossibles.eu\u00a0\u00bb url_new_window=\u00a0\u00bbon\u00a0\u00bb button_text=\u00a0\u00bbVoir le programme d&rsquo;automne\u00a0\u00bb button_alignment=\u00a0\u00bbcenter\u00a0\u00bb disabled_on=\u00a0\u00bboff|off|off\u00a0\u00bb _builder_version=\u00a0\u00bb4.27.7&Prime; _module_preset=\u00a0\u00bbdefault\u00a0\u00bb button_icon_color=\u00a0\u00bb#FFFFFF\u00a0\u00bb button_text_size_tablet=\u00a0\u00bb\u00a0\u00bb button_text_size_phone=\u00a0\u00bb16px\u00a0\u00bb button_text_size_last_edited=\u00a0\u00bbon|phone\u00a0\u00bb box_shadow_style=\u00a0\u00bbpreset5&Prime; box_shadow_vertical=\u00a0\u00bb3px\u00a0\u00bb box_shadow_spread=\u00a0\u00bb6px\u00a0\u00bb box_shadow_color=\u00a0\u00bb#FFFFFF\u00a0\u00bb box_shadow_vertical_tablet=\u00a0\u00bb3px\u00a0\u00bb box_shadow_vertical_phone=\u00a0\u00bb3px\u00a0\u00bb box_shadow_vertical_last_edited=\u00a0\u00bbon|phone\u00a0\u00bb box_shadow_spread_tablet=\u00a0\u00bb6px\u00a0\u00bb box_shadow_spread_phone=\u00a0\u00bb6px\u00a0\u00bb box_shadow_spread_last_edited=\u00a0\u00bbon|desktop\u00a0\u00bb global_module=\u00a0\u00bb4015&Prime; saved_tabs=\u00a0\u00bball\u00a0\u00bb locked=\u00a0\u00bboff\u00a0\u00bb global_colors_info=\u00a0\u00bb{}\u00a0\u00bb][\/et_pb_button][\/et_pb_column][\/et_pb_row][\/et_pb_section]<\/p>\n","protected":false},"excerpt":{"rendered":"<p>\ud83c\udf1f \ud83c\udf83 L&rsquo;automne \ud83c\udf41<br \/>\nune trentaine d\u2019ateliers artistiques et d\u2019expression<br \/>\npour petits et grands, des soir\u00e9es guinguette anim\u00e9es,<br \/>\net bien s\u00fbr, les festivit\u00e9s d\u2019Halloween !<br \/>\n\ud83c\udf83<br \/>\nEt si cet automne tu te surpassais ? Frissons d\u2019Halloween et vraie d\u00e9tente: \u00e0 la rencontre de l\u2019autre !<br \/>\n\ud83c\udf41<br \/>\nEt si, pour relever les d\u00e9fis d\u2019aujourd\u2019hui, nous avions besoin de plus d\u2019ambition, d\u2019audace et de nouvelles cordes \u00e0 notre arc ? Se d\u00e9passer, c\u2019est aussi apprendre \u00e0 s\u2019ouvrir \u00e0 d\u2019autres regards, d\u2019autres fa\u00e7ons d\u2019\u00eatre, d\u2019autres fa\u00e7ons de faire.<br \/>\n\ud83c\udf41 \ud83c\udf41<br \/>\nCet automne, nous t\u2019 invitons \u00e0 une parenth\u00e8se pleine de vie, plac\u00e9e sous le signe de l\u2019alt\u00e9rit\u00e9 et de la rencontre, autant de d\u00e9fis ludiques \u00e0 relever, seuls ou \u00e0 plusieurs. Une occasion unique de s\u2019ouvrir aux autres, de partager des exp\u00e9riences et de c\u00e9l\u00e9brer nos diff\u00e9rences.<br \/>\n\ud83c\udf41 \ud83c\udf41 \ud83c\udf41<br \/>\nQue tu viennes en famille ou entre amis, c\u2019est l\u2019occasion id\u00e9ale de rire, de cr\u00e9er ensemble et de souffler loin du quotidien, en allant \u00e0 la rencontre de l\u2019autre et de sa singularit\u00e9.<br \/>\nAlors pr\u00eat \u00e0 relever le d\u00e9fi et \u00e0 vivre des vacances qui nous rassemblent ?<br \/>\n\ud83c\udf41 \ud83c\udf41 \ud83c\udf41 \ud83c\udf41<\/p>\n","protected":false},"author":1,"featured_media":4474,"comment_status":"closed","ping_status":"closed","sticky":false,"template":"","format":"standard","meta":{"_et_pb_use_builder":"on","_et_pb_old_content":"","_et_gb_content_width":"","footnotes":""},"categories":[12,11],"tags":[],"class_list":["post-4458","post","type-post","status-publish","format-standard","has-post-thumbnail","hentry","category-news-2026","category-a-la-une"],"_links":{"self":[{"href":"https:\/\/espacedespossibles.eu\/index.php\/wp-json\/wp\/v2\/posts\/4458","targetHints":{"allow":["GET"]}}],"collection":[{"href":"https:\/\/espacedespossibles.eu\/index.php\/wp-json\/wp\/v2\/posts"}],"about":[{"href":"https:\/\/espacedespossibles.eu\/index.php\/wp-json\/wp\/v2\/types\/post"}],"author":[{"embeddable":true,"href":"https:\/\/espacedespossibles.eu\/index.php\/wp-json\/wp\/v2\/users\/1"}],"replies":[{"embeddable":true,"href":"https:\/\/espacedespossibles.eu\/index.php\/wp-json\/wp\/v2\/comments?post=4458"}],"version-history":[{"count":11,"href":"https:\/\/espacedespossibles.eu\/index.php\/wp-json\/wp\/v2\/posts\/4458\/revisions"}],"predecessor-version":[{"id":4485,"href":"https:\/\/espacedespossibles.eu\/index.php\/wp-json\/wp\/v2\/posts\/4458\/revisions\/4485"}],"wp:featuredmedia":[{"embeddable":true,"href":"https:\/\/espacedespossibles.eu\/index.php\/wp-json\/wp\/v2\/media\/4474"}],"wp:attachment":[{"href":"https:\/\/espacedespossibles.eu\/index.php\/wp-json\/wp\/v2\/media?parent=4458"}],"wp:term":[{"taxonomy":"category","embeddable":true,"href":"https:\/\/espacedespossibles.eu\/index.php\/wp-json\/wp\/v2\/categories?post=4458"},{"taxonomy":"post_tag","embeddable":true,"href":"https:\/\/espacedespossibles.eu\/index.php\/wp-json\/wp\/v2\/tags?post=4458"}],"curies":[{"name":"wp","href":"https:\/\/api.w.org\/{rel}","templated":true}]}}